{"id":879,"date":"2026-04-24T12:14:34","date_gmt":"2026-04-24T10:14:34","guid":{"rendered":"https:\/\/beauteravissante.fr\/?p=879"},"modified":"2026-04-24T12:14:35","modified_gmt":"2026-04-24T10:14:35","slug":"rucksack-fuer-alltag-und-business-ergonomie-und-design","status":"publish","type":"post","link":"https:\/\/beauteravissante.fr\/de\/rucksack-fuer-alltag-und-business-ergonomie-und-design\/","title":{"rendered":"Rucksack f\u00fcr Alltag und Business: Ergonomie und Design"},"content":{"rendered":"\n<p>Der Begriff Rucksack stammt urspr\u00fcnglich aus dem Deutschen und bezeichnete bereits Ende des 19. Jahrhunderts einen praktischen Sack f\u00fcr den R\u00fccken. Heute ist er weit mehr als nur ein Transportmittel f\u00fcr Wanderer, da er sich als unverzichtbares Accessoire in der modernen Stadtlandschaft etabliert hat.<\/p>\n\n\n\n<p>Oft greifen wir jedoch zu Modellen, die f\u00fcr den Alltag viel zu gro\u00df oder ergonomisch unzureichend sind. Dieser Artikel hilft Ihnen dabei, das ideale Modell f\u00fcr Ihre Bed\u00fcrfnisse zu finden und die richtige Wahl zwischen Funktionalit\u00e4t und Design zu treffen.<\/p>\n\n\n\n<h2 class=\"wp-block-heading\" id=\"rucksack-typen-fuer-jeden-einsatzbereich\">Rucksack-Typen f\u00fcr jeden Einsatzbereich<\/h2>\n\n\n\n<p>Ein idealer Rucksack definiert sich durch 20 bis 30 Liter Volumen f\u00fcr den Alltag, ergonomische S-Kurven-Gurte und recycelte Materialien. Laptopf\u00e4cher bis 16 Zoll und wetterfeste Rolltop-Verschl\u00fcsse sichern die Ausr\u00fcstung im urbanen Raum effizient ab. <a href=\"https:\/\/www.cabaia.com\/de-de\/collections\/rucksaecke\">Den richtigen Rucksack ausw\u00e4hlen<\/a>.<\/p>\n\n\n\n<p>Nachdem wir die Grundlagen gekl\u00e4rt haben, schauen wir uns nun die verschiedenen Modelle f\u00fcr den t\u00e4glichen Gebrauch genauer an.<\/p>\n\n\n\n<h3 class=\"wp-block-heading\">Daily-Driver f\u00fcr Uni und Alltag<\/h3>\n\n\n\n<p>Ein kompakter Daypack muss vor allem leicht sein. Er bietet schnellen Zugriff auf Essentials wie Schl\u00fcssel oder das Smartphone. So bleibt man im Alltag flexibel und unbeschwert unterwegs.<\/p>\n\n\n\n<p>Planer, Stifte und Trinkflaschen brauchen ihren festen Platz. Eine kluge Aufteilung hilft dabei, im hektischen Stadtverkehr stets die \u00dcbersicht zu behalten.<\/p>\n\n\n\n<p>Urbanes Design trifft Funktionalit\u00e4t. Der rucksack bleibt kompakt und ger\u00e4umig.<\/p>\n\n\n\n<h3 class=\"wp-block-heading\">Business-Modelle f\u00fcr das moderne B\u00fcro<\/h3>\n\n\n\n<p>Professionelle Rucks\u00e4cke setzen auf schlichten Business-Stil statt auff\u00e4lliger Freizeitoptik. Ein seri\u00f6ses Auftreten im Meeting ist damit garantiert. Schlichtheit schl\u00e4gt hier meist bunte Muster und wilde Schnallen.<\/p>\n\n\n\n<p>Empfindliche Hardware braucht besonderen Schutz. Dicke Polsterungen f\u00fcr Laptops und verst\u00e4rkte B\u00f6den bewahren wichtige Dokumente vor Knicken. So \u00fcbersteht die Technik auch einen turbulenten Pendler-Alltag unbeschadet.<\/p>\n\n\n\n<p>Integrierte Organizer-Systeme helfen enorm. Ordnung ist schlie\u00dflich die halbe Miete.<\/p>\n\n\n\n<h3 class=\"wp-block-heading\">Spezialisierte Begleiter f\u00fcr Outdoor und Reise<\/h3>\n\n\n\n<p>Wanderungen fordern Volumen und extreme Robustheit. Wetterfeste Stoffe und hohe Rei\u00dffestigkeit sind bei Kurztrips Pflicht, damit die Ausr\u00fcstung trocken bleibt. Gr\u00f6\u00dfere Modelle ben\u00f6tigen zudem spezielle Bel\u00fcftungssysteme am R\u00fccken, um Staun\u00e4sse bei Anstrengung effektiv zu verhindern.<\/p>\n\n\n\n<p>Die richtige Lastenverteilung entscheidet \u00fcber den Komfort. H\u00fcftgurte \u00fcbertragen 70 bis 80 Prozent des Gewichts auf das Becken. Brustgurte stabilisieren die Schultergurte und entlasten so sp\u00fcrbar die Wirbels\u00e4ule bei schwerem Gep\u00e4ck.<\/p>\n\n\n\n<h2 class=\"wp-block-heading\" id=\"3-faktoren-fuer-ergonomie-und-tragekomfort\">3 Faktoren f\u00fcr Ergonomie und Tragekomfort<\/h2>\n\n\n\n<p>Nach der Wahl des Typs entscheidet die Passform \u00fcber die langfristige Zufriedenheit beim Tragen.<\/p>\n\n\n\n<h3 class=\"wp-block-heading\">Volumen und Laptopfach-Gr\u00f6\u00dfe richtig w\u00e4hlen<\/h3>\n\n\n\n<p>Das Volumen bestimmt direkt, welcher Rechner hineinpasst. Ein 20-Liter-Rucksack bietet meist genug Platz f\u00fcr Ger\u00e4te zwischen 13 und 15 Zoll. So bleibt alles kompakt und sicher verstaut.<\/p>\n\n\n\n<p>Messen Sie die Au\u00dfenma\u00dfe Ihres Laptops unbedingt pr\u00e4zise nach. Nicht jeder 16-Zoll-Rechner besitzt die gleiche Dicke oder Breite. Achten Sie zudem auf elastische Halterungen im Fach f\u00fcr festen Halt.<\/p>\n\n\n\n<p>Hier sind die passenden Empfehlungen f\u00fcr Ihren Alltag:<\/p>\n\n\n\n<ul class=\"wp-block-list\">\n<li>15-20L f\u00fcr Pendler<\/li>\n\n\n\n<li>25-30L f\u00fcr Uni\/Arbeit<\/li>\n\n\n\n<li>35L+ f\u00fcr Wochenendtrips<\/li>\n<\/ul>\n\n\n\n<h3 class=\"wp-block-heading\">Ergonomische Anpassung an die Anatomie<\/h3>\n\n\n\n<p>Gepolsterte Gurte und eine gute R\u00fcckenbel\u00fcftung sind Gold wert. Mesh-Eins\u00e4tze verhindern \u00fcberm\u00e4\u00dfiges Schwitzen an hei\u00dfen Tagen effektiv. Weiche Polster mindern gleichzeitig den sp\u00fcrbaren Druck auf Ihre Schultern.<\/p>\n\n\n\n<p>Verstellbare R\u00fcckenl\u00e4ngen und Brustgurte stabilisieren Ihren rucksack bei schnellen Bewegungen. Eine korrekte Einstellung schont die Bandscheiben sp\u00fcrbar. Der Schwerpunkt sollte dabei immer m\u00f6glichst nah am eigenen K\u00f6rper liegen.<\/p>\n\n\n\n<p>Ber\u00fccksichtigen Sie unbedingt geschlechtsspezifische Passformen beim Kauf. Frauenmodelle haben oft k\u00fcrzer geschnittene R\u00fcckenpartien. Speziell geformte Tragegurte in S-Form sorgen hier f\u00fcr deutlich mehr Komfort im Brustbereich.<\/p>\n\n\n\n<h2 class=\"wp-block-heading\" id=\"materialqualitaet-und-nachhaltigkeit-beim-kauf\">Materialqualit\u00e4t und Nachhaltigkeit beim Kauf<\/h2>\n\n\n\n<p>Neben der Ergonomie spielt die Beschaffenheit der Au\u00dfenh\u00fclle eine entscheidende Rolle f\u00fcr die Langlebigkeit.<\/p>\n\n\n\n<h3 class=\"wp-block-heading\">Wetterfestigkeit und Schutz der Ausr\u00fcstung<\/h3>\n\n\n\n<p>Nylon ist extrem rei\u00dffest. Polyester widersteht UV-Strahlen besser. Beide Stoffe bilden eine gute Basis f\u00fcr Ihren Rucksack.<\/p>\n\n\n\n<p>Wasserdichte Rei\u00dfverschl\u00fcsse sind ein Muss. Getapte N\u00e4hte halten Feuchtigkeit drau\u00dfen. Eine PU-Beschichtung sch\u00fctzt die Elektronik zus\u00e4tzlich. So bleibt alles im Inneren trocken.<\/p>\n\n\n\n<figure class=\"wp-block-table\"><table class=\"has-fixed-layout\"><tbody><tr><td>Material<\/td><td>Wasserfestigkeit<\/td><td>Abriebfestigkeit<\/td><td>Gewicht<\/td><\/tr><tr><td>Nylon<\/td><td>Mittel<\/td><td>Hoch<\/td><td>Gering<\/td><\/tr><tr><td>Polyester<\/td><td>Hoch<\/td><td>Mittel<\/td><td>Mittel<\/td><\/tr><tr><td>Canvas<\/td><td>Gering<\/td><td>Hoch<\/td><td>Hoch<\/td><\/tr><tr><td>Recyceltes PET<\/td><td>Mittel<\/td><td>Mittel<\/td><td>Mittel<\/td><\/tr><\/tbody><\/table><\/figure>\n\n\n\n<h3 class=\"wp-block-heading\">Nachhaltigkeit und \u00f6kologische Standards<\/h3>\n\n\n\n<p>Recycelte Kunststoffe sind heute Standard. Alte PET-Flaschen werden zu neuen Textilfasern. Das spart Ressourcen und vermeidet unn\u00f6tigen M\u00fcll.<\/p>\n\n\n\n<p>PFC-freie Beschichtungen sch\u00fctzen Mensch und Natur. Herk\u00f6mmliche Mittel sind oft giftig. Diese Alternativen bieten Schutz ohne sch\u00e4dliche R\u00fcckst\u00e4nde. Achten Sie beim Kauf auf dieses Merkmal.<\/p>\n\n\n\n<p>Zertifikate wie Bluesign bieten echte Orientierung. Der Global Recycled Standard garantiert faire Bedingungen. Solche Siegel geben Ihnen ein sicheres Gef\u00fchl.<\/p>\n\n\n\n<h2 class=\"wp-block-heading\" id=\"organisation-und-pflege-fuer-lange-haltbarkeit\">Organisation und Pflege f\u00fcr lange Haltbarkeit<\/h2>\n\n\n\n<p>Ein hochwertiger Rucksack verdient die richtige Handhabung, um \u00fcber Jahre hinweg treu zu dienen.<\/p>\n\n\n\n<h3 class=\"wp-block-heading\">Verschlussmechanismen und Innenraum-Struktur<\/h3>\n\n\n\n<p>Rolltop-Verschl\u00fcsse punkten durch flexible Volumenerweiterung. Sie bieten zudem hohe Sicherheit gegen Diebstahl. Rei\u00dfverschl\u00fcsse erm\u00f6glichen hingegen einen schnelleren Zugriff. Beide Systeme haben ihre spezifischen Einsatzgebiete.<\/p>\n\n\n\n<p>Organizer-F\u00e4cher verhindern l\u00e4stiges Suchen nach Kleinteilen. Powerbanks und Kabel bleiben so sortiert. Versteckte F\u00e4cher am R\u00fccken sch\u00fctzen Reisep\u00e4sse effektiv.<\/p>\n\n\n\n<p>Schl\u00fcsselringe und elastische Netze erg\u00e4nzen die Struktur. So bleibt alles an seinem Platz.<\/p>\n\n\n\n<p>Strukturierte Innenr\u00e4ume sparen wertvolle Zeit. Chaos geh\u00f6rt damit der Vergangenheit an.<\/p>\n\n\n\n<h3 class=\"wp-block-heading\">Reinigungstipps f\u00fcr maximale Lebensdauer<\/h3>\n\n\n\n<p>Nutzen Sie lauwarmes Wasser f\u00fcr die Handw\u00e4sche. Milde Seife reinigt das Material schonend. Vermeiden Sie aggressive Chemikalien unbedingt.<\/p>\n\n\n\n<p>Eine weiche B\u00fcrste hilft bei grobem Schmutz. Sp\u00fclen Sie danach gr\u00fcndlich mit klarem Wasser. Wringen Sie das Material niemals gewaltsam aus. Das schont die Beschichtung Ihres rucksack.<\/p>\n\n\n\n<p>Trocknen Sie das Material an frischer Luft. Vermeiden Sie dabei direkte Hitzequellen.<\/p>\n\n\n\n<p>Regelm\u00e4\u00dfige Impr\u00e4gnierung frischt den Schutz auf. Das Material bleibt so lange geschmeidig.<\/p>\n\n\n\n<p>W\u00e4hlen Sie ein ergonomisches Modell aus Nylon oder Polyester mit passendem Volumen f\u00fcr Ihren Alltag. Ein nachhaltiger, PFC-freier Begleiter sch\u00fctzt Ihre Ausr\u00fcstung zuverl\u00e4ssig vor Witterungseinfl\u00fcssen und schont gleichzeitig die Umwelt. Mit der richtigen Pflege wird Ihr neuer Rucksack zum langlebigen Partner f\u00fcr jede kommende Herausforderung.<\/p>\n","protected":false},"excerpt":{"rendered":"<p>Der Begriff Rucksack stammt urspr\u00fcnglich aus dem Deutschen und bezeichnete bereits Ende des 19. Jahrhunderts einen praktischen Sack f\u00fcr den R\u00fccken. Heute ist er weit mehr als nur ein Transportmittel f\u00fcr Wanderer, da er sich als unverzichtbares Accessoire in der modernen Stadtlandschaft etabliert hat. Oft greifen wir jedoch zu Modellen, die f\u00fcr den Alltag viel [&hellip;]<\/p>\n","protected":false},"author":2,"featured_media":880,"comment_status":"closed","ping_status":"closed","sticky":false,"template":"","format":"standard","meta":{"footnotes":""},"categories":[125],"tags":[],"class_list":["post-879","post","type-post","status-publish","format-standard","has-post-thumbnail","hentry","category-modus"],"yoast_head":"<!-- This site is optimized with the Yoast SEO plugin v22.6 - https:\/\/yoast.com\/wordpress\/plugins\/seo\/ -->\n<title>Rucksack f\u00fcr Alltag und Business: Ergonomie und Design - beauteravissante<\/title>\n<meta name=\"robots\" content=\"index, follow, max-snippet:-1, max-image-preview:large, max-video-preview:-1\" \/>\n<link rel=\"canonical\" href=\"https:\/\/beauteravissante.fr\/de\/rucksack-fuer-alltag-und-business-ergonomie-und-design\/\" \/>\n<meta property=\"og:locale\" content=\"de_DE\" \/>\n<meta property=\"og:type\" content=\"article\" \/>\n<meta property=\"og:title\" content=\"Rucksack f\u00fcr Alltag und Business: Ergonomie und Design - beauteravissante\" \/>\n<meta property=\"og:description\" content=\"Der Begriff Rucksack stammt urspr\u00fcnglich aus dem Deutschen und bezeichnete bereits Ende des 19. Jahrhunderts einen praktischen Sack f\u00fcr den R\u00fccken. Heute ist er weit mehr als nur ein Transportmittel f\u00fcr Wanderer, da er sich als unverzichtbares Accessoire in der modernen Stadtlandschaft etabliert hat. Oft greifen wir jedoch zu Modellen, die f\u00fcr den Alltag viel [&hellip;]\" \/>\n<meta property=\"og:url\" content=\"https:\/\/beauteravissante.fr\/de\/rucksack-fuer-alltag-und-business-ergonomie-und-design\/\" \/>\n<meta property=\"og:site_name\" content=\"beauteravissante\" \/>\n<meta property=\"article:published_time\" content=\"2026-04-24T10:14:34+00:00\" \/>\n<meta property=\"article:modified_time\" content=\"2026-04-24T10:14:35+00:00\" \/>\n<meta property=\"og:image\" content=\"https:\/\/beauteravissante.fr\/wp-content\/uploads\/2026\/04\/m3hbo6r4_moderner-rucksack-fur-unterwegs.jpg\" \/>\n\t<meta property=\"og:image:width\" content=\"1376\" \/>\n\t<meta property=\"og:image:height\" content=\"768\" \/>\n\t<meta property=\"og:image:type\" content=\"image\/jpeg\" \/>\n<meta name=\"author\" content=\"Marie\" \/>\n<meta name=\"twitter:card\" content=\"summary_large_image\" \/>\n<meta name=\"twitter:label1\" content=\"Verfasst von\" \/>\n\t<meta name=\"twitter:data1\" content=\"Marie\" \/>\n\t<meta name=\"twitter:label2\" content=\"Gesch\u00e4tzte Lesezeit\" \/>\n\t<meta name=\"twitter:data2\" content=\"5\u00a0Minute\" \/>\n<script type=\"application\/ld+json\" class=\"yoast-schema-graph\">{\"@context\":\"https:\/\/schema.org\",\"@graph\":[{\"@type\":\"Article\",\"@id\":\"https:\/\/beauteravissante.fr\/de\/rucksack-fuer-alltag-und-business-ergonomie-und-design\/#article\",\"isPartOf\":{\"@id\":\"https:\/\/beauteravissante.fr\/de\/rucksack-fuer-alltag-und-business-ergonomie-und-design\/\"},\"author\":{\"name\":\"Marie\",\"@id\":\"https:\/\/beauteravissante.fr\/de\/#\/schema\/person\/c2101ac9184ac1bff39898a7b2ed51cc\"},\"headline\":\"Rucksack f\u00fcr Alltag und Business: Ergonomie und Design\",\"datePublished\":\"2026-04-24T10:14:34+00:00\",\"dateModified\":\"2026-04-24T10:14:35+00:00\",\"mainEntityOfPage\":{\"@id\":\"https:\/\/beauteravissante.fr\/de\/rucksack-fuer-alltag-und-business-ergonomie-und-design\/\"},\"wordCount\":1016,\"publisher\":{\"@id\":\"https:\/\/beauteravissante.fr\/de\/#organization\"},\"image\":{\"@id\":\"https:\/\/beauteravissante.fr\/de\/rucksack-fuer-alltag-und-business-ergonomie-und-design\/#primaryimage\"},\"thumbnailUrl\":\"https:\/\/beauteravissante.fr\/wp-content\/uploads\/2026\/04\/m3hbo6r4_moderner-rucksack-fur-unterwegs.jpg\",\"articleSection\":[\"Modus\"],\"inLanguage\":\"de\"},{\"@type\":\"WebPage\",\"@id\":\"https:\/\/beauteravissante.fr\/de\/rucksack-fuer-alltag-und-business-ergonomie-und-design\/\",\"url\":\"https:\/\/beauteravissante.fr\/de\/rucksack-fuer-alltag-und-business-ergonomie-und-design\/\",\"name\":\"Rucksack f\u00fcr Alltag und Business: Ergonomie und Design - beauteravissante\",\"isPartOf\":{\"@id\":\"https:\/\/beauteravissante.fr\/de\/#website\"},\"primaryImageOfPage\":{\"@id\":\"https:\/\/beauteravissante.fr\/de\/rucksack-fuer-alltag-und-business-ergonomie-und-design\/#primaryimage\"},\"image\":{\"@id\":\"https:\/\/beauteravissante.fr\/de\/rucksack-fuer-alltag-und-business-ergonomie-und-design\/#primaryimage\"},\"thumbnailUrl\":\"https:\/\/beauteravissante.fr\/wp-content\/uploads\/2026\/04\/m3hbo6r4_moderner-rucksack-fur-unterwegs.jpg\",\"datePublished\":\"2026-04-24T10:14:34+00:00\",\"dateModified\":\"2026-04-24T10:14:35+00:00\",\"breadcrumb\":{\"@id\":\"https:\/\/beauteravissante.fr\/de\/rucksack-fuer-alltag-und-business-ergonomie-und-design\/#breadcrumb\"},\"inLanguage\":\"de\",\"potentialAction\":[{\"@type\":\"ReadAction\",\"target\":[\"https:\/\/beauteravissante.fr\/de\/rucksack-fuer-alltag-und-business-ergonomie-und-design\/\"]}]},{\"@type\":\"ImageObject\",\"inLanguage\":\"de\",\"@id\":\"https:\/\/beauteravissante.fr\/de\/rucksack-fuer-alltag-und-business-ergonomie-und-design\/#primaryimage\",\"url\":\"https:\/\/beauteravissante.fr\/wp-content\/uploads\/2026\/04\/m3hbo6r4_moderner-rucksack-fur-unterwegs.jpg\",\"contentUrl\":\"https:\/\/beauteravissante.fr\/wp-content\/uploads\/2026\/04\/m3hbo6r4_moderner-rucksack-fur-unterwegs.jpg\",\"width\":1376,\"height\":768},{\"@type\":\"BreadcrumbList\",\"@id\":\"https:\/\/beauteravissante.fr\/de\/rucksack-fuer-alltag-und-business-ergonomie-und-design\/#breadcrumb\",\"itemListElement\":[{\"@type\":\"ListItem\",\"position\":1,\"name\":\"Accueil\",\"item\":\"https:\/\/beauteravissante.fr\/de\/entdecken-sie-die-neuesten-schoenheitstrends-auf-unserem-schoenheitsblog\/\"},{\"@type\":\"ListItem\",\"position\":2,\"name\":\"Rucksack f\u00fcr Alltag und Business: Ergonomie und Design\"}]},{\"@type\":\"WebSite\",\"@id\":\"https:\/\/beauteravissante.fr\/de\/#website\",\"url\":\"https:\/\/beauteravissante.fr\/de\/\",\"name\":\"beauteravissante\",\"description\":\"\",\"publisher\":{\"@id\":\"https:\/\/beauteravissante.fr\/de\/#organization\"},\"potentialAction\":[{\"@type\":\"SearchAction\",\"target\":{\"@type\":\"EntryPoint\",\"urlTemplate\":\"https:\/\/beauteravissante.fr\/de\/?s={search_term_string}\"},\"query-input\":\"required name=search_term_string\"}],\"inLanguage\":\"de\"},{\"@type\":\"Organization\",\"@id\":\"https:\/\/beauteravissante.fr\/de\/#organization\",\"name\":\"beauteravissante\",\"url\":\"https:\/\/beauteravissante.fr\/de\/\",\"logo\":{\"@type\":\"ImageObject\",\"inLanguage\":\"de\",\"@id\":\"https:\/\/beauteravissante.fr\/de\/#\/schema\/logo\/image\/\",\"url\":\"https:\/\/beauteravissante.fr\/wp-content\/uploads\/2023\/11\/Logo.png\",\"contentUrl\":\"https:\/\/beauteravissante.fr\/wp-content\/uploads\/2023\/11\/Logo.png\",\"width\":250,\"height\":100,\"caption\":\"beauteravissante\"},\"image\":{\"@id\":\"https:\/\/beauteravissante.fr\/de\/#\/schema\/logo\/image\/\"}},{\"@type\":\"Person\",\"@id\":\"https:\/\/beauteravissante.fr\/de\/#\/schema\/person\/c2101ac9184ac1bff39898a7b2ed51cc\",\"name\":\"Marie\",\"image\":{\"@type\":\"ImageObject\",\"inLanguage\":\"de\",\"@id\":\"https:\/\/beauteravissante.fr\/de\/#\/schema\/person\/image\/\",\"url\":\"https:\/\/secure.gravatar.com\/avatar\/fb579679bdccf02537b5f8f1ccc906ab51e8afadec936bb27fde8f2b5725ba23?s=96&d=mm&r=g\",\"contentUrl\":\"https:\/\/secure.gravatar.com\/avatar\/fb579679bdccf02537b5f8f1ccc906ab51e8afadec936bb27fde8f2b5725ba23?s=96&d=mm&r=g\",\"caption\":\"Marie\"},\"url\":\"https:\/\/beauteravissante.fr\/de\/author\/stride-up\/\"}]}<\/script>\n<!-- \/ Yoast SEO plugin. -->","yoast_head_json":{"title":"Rucksack f\u00fcr Alltag und Business: Ergonomie und Design - beauteravissante","robots":{"index":"index","follow":"follow","max-snippet":"max-snippet:-1","max-image-preview":"max-image-preview:large","max-video-preview":"max-video-preview:-1"},"canonical":"https:\/\/beauteravissante.fr\/de\/rucksack-fuer-alltag-und-business-ergonomie-und-design\/","og_locale":"de_DE","og_type":"article","og_title":"Rucksack f\u00fcr Alltag und Business: Ergonomie und Design - beauteravissante","og_description":"Der Begriff Rucksack stammt urspr\u00fcnglich aus dem Deutschen und bezeichnete bereits Ende des 19. Jahrhunderts einen praktischen Sack f\u00fcr den R\u00fccken. Heute ist er weit mehr als nur ein Transportmittel f\u00fcr Wanderer, da er sich als unverzichtbares Accessoire in der modernen Stadtlandschaft etabliert hat. Oft greifen wir jedoch zu Modellen, die f\u00fcr den Alltag viel [&hellip;]","og_url":"https:\/\/beauteravissante.fr\/de\/rucksack-fuer-alltag-und-business-ergonomie-und-design\/","og_site_name":"beauteravissante","article_published_time":"2026-04-24T10:14:34+00:00","article_modified_time":"2026-04-24T10:14:35+00:00","og_image":[{"width":1376,"height":768,"url":"https:\/\/beauteravissante.fr\/wp-content\/uploads\/2026\/04\/m3hbo6r4_moderner-rucksack-fur-unterwegs.jpg","type":"image\/jpeg"}],"author":"Marie","twitter_card":"summary_large_image","twitter_misc":{"Verfasst von":"Marie","Gesch\u00e4tzte Lesezeit":"5\u00a0Minute"},"schema":{"@context":"https:\/\/schema.org","@graph":[{"@type":"Article","@id":"https:\/\/beauteravissante.fr\/de\/rucksack-fuer-alltag-und-business-ergonomie-und-design\/#article","isPartOf":{"@id":"https:\/\/beauteravissante.fr\/de\/rucksack-fuer-alltag-und-business-ergonomie-und-design\/"},"author":{"name":"Marie","@id":"https:\/\/beauteravissante.fr\/de\/#\/schema\/person\/c2101ac9184ac1bff39898a7b2ed51cc"},"headline":"Rucksack f\u00fcr Alltag und Business: Ergonomie und Design","datePublished":"2026-04-24T10:14:34+00:00","dateModified":"2026-04-24T10:14:35+00:00","mainEntityOfPage":{"@id":"https:\/\/beauteravissante.fr\/de\/rucksack-fuer-alltag-und-business-ergonomie-und-design\/"},"wordCount":1016,"publisher":{"@id":"https:\/\/beauteravissante.fr\/de\/#organization"},"image":{"@id":"https:\/\/beauteravissante.fr\/de\/rucksack-fuer-alltag-und-business-ergonomie-und-design\/#primaryimage"},"thumbnailUrl":"https:\/\/beauteravissante.fr\/wp-content\/uploads\/2026\/04\/m3hbo6r4_moderner-rucksack-fur-unterwegs.jpg","articleSection":["Modus"],"inLanguage":"de"},{"@type":"WebPage","@id":"https:\/\/beauteravissante.fr\/de\/rucksack-fuer-alltag-und-business-ergonomie-und-design\/","url":"https:\/\/beauteravissante.fr\/de\/rucksack-fuer-alltag-und-business-ergonomie-und-design\/","name":"Rucksack f\u00fcr Alltag und Business: Ergonomie und Design - beauteravissante","isPartOf":{"@id":"https:\/\/beauteravissante.fr\/de\/#website"},"primaryImageOfPage":{"@id":"https:\/\/beauteravissante.fr\/de\/rucksack-fuer-alltag-und-business-ergonomie-und-design\/#primaryimage"},"image":{"@id":"https:\/\/beauteravissante.fr\/de\/rucksack-fuer-alltag-und-business-ergonomie-und-design\/#primaryimage"},"thumbnailUrl":"https:\/\/beauteravissante.fr\/wp-content\/uploads\/2026\/04\/m3hbo6r4_moderner-rucksack-fur-unterwegs.jpg","datePublished":"2026-04-24T10:14:34+00:00","dateModified":"2026-04-24T10:14:35+00:00","breadcrumb":{"@id":"https:\/\/beauteravissante.fr\/de\/rucksack-fuer-alltag-und-business-ergonomie-und-design\/#breadcrumb"},"inLanguage":"de","potentialAction":[{"@type":"ReadAction","target":["https:\/\/beauteravissante.fr\/de\/rucksack-fuer-alltag-und-business-ergonomie-und-design\/"]}]},{"@type":"ImageObject","inLanguage":"de","@id":"https:\/\/beauteravissante.fr\/de\/rucksack-fuer-alltag-und-business-ergonomie-und-design\/#primaryimage","url":"https:\/\/beauteravissante.fr\/wp-content\/uploads\/2026\/04\/m3hbo6r4_moderner-rucksack-fur-unterwegs.jpg","contentUrl":"https:\/\/beauteravissante.fr\/wp-content\/uploads\/2026\/04\/m3hbo6r4_moderner-rucksack-fur-unterwegs.jpg","width":1376,"height":768},{"@type":"BreadcrumbList","@id":"https:\/\/beauteravissante.fr\/de\/rucksack-fuer-alltag-und-business-ergonomie-und-design\/#breadcrumb","itemListElement":[{"@type":"ListItem","position":1,"name":"Accueil","item":"https:\/\/beauteravissante.fr\/de\/entdecken-sie-die-neuesten-schoenheitstrends-auf-unserem-schoenheitsblog\/"},{"@type":"ListItem","position":2,"name":"Rucksack f\u00fcr Alltag und Business: Ergonomie und Design"}]},{"@type":"WebSite","@id":"https:\/\/beauteravissante.fr\/de\/#website","url":"https:\/\/beauteravissante.fr\/de\/","name":"beauteravissante","description":"","publisher":{"@id":"https:\/\/beauteravissante.fr\/de\/#organization"},"potentialAction":[{"@type":"SearchAction","target":{"@type":"EntryPoint","urlTemplate":"https:\/\/beauteravissante.fr\/de\/?s={search_term_string}"},"query-input":"required name=search_term_string"}],"inLanguage":"de"},{"@type":"Organization","@id":"https:\/\/beauteravissante.fr\/de\/#organization","name":"beauteravissante","url":"https:\/\/beauteravissante.fr\/de\/","logo":{"@type":"ImageObject","inLanguage":"de","@id":"https:\/\/beauteravissante.fr\/de\/#\/schema\/logo\/image\/","url":"https:\/\/beauteravissante.fr\/wp-content\/uploads\/2023\/11\/Logo.png","contentUrl":"https:\/\/beauteravissante.fr\/wp-content\/uploads\/2023\/11\/Logo.png","width":250,"height":100,"caption":"beauteravissante"},"image":{"@id":"https:\/\/beauteravissante.fr\/de\/#\/schema\/logo\/image\/"}},{"@type":"Person","@id":"https:\/\/beauteravissante.fr\/de\/#\/schema\/person\/c2101ac9184ac1bff39898a7b2ed51cc","name":"Marie","image":{"@type":"ImageObject","inLanguage":"de","@id":"https:\/\/beauteravissante.fr\/de\/#\/schema\/person\/image\/","url":"https:\/\/secure.gravatar.com\/avatar\/fb579679bdccf02537b5f8f1ccc906ab51e8afadec936bb27fde8f2b5725ba23?s=96&d=mm&r=g","contentUrl":"https:\/\/secure.gravatar.com\/avatar\/fb579679bdccf02537b5f8f1ccc906ab51e8afadec936bb27fde8f2b5725ba23?s=96&d=mm&r=g","caption":"Marie"},"url":"https:\/\/beauteravissante.fr\/de\/author\/stride-up\/"}]}},"_links":{"self":[{"href":"https:\/\/beauteravissante.fr\/de\/wp-json\/wp\/v2\/posts\/879","targetHints":{"allow":["GET"]}}],"collection":[{"href":"https:\/\/beauteravissante.fr\/de\/wp-json\/wp\/v2\/posts"}],"about":[{"href":"https:\/\/beauteravissante.fr\/de\/wp-json\/wp\/v2\/types\/post"}],"author":[{"embeddable":true,"href":"https:\/\/beauteravissante.fr\/de\/wp-json\/wp\/v2\/users\/2"}],"replies":[{"embeddable":true,"href":"https:\/\/beauteravissante.fr\/de\/wp-json\/wp\/v2\/comments?post=879"}],"version-history":[{"count":1,"href":"https:\/\/beauteravissante.fr\/de\/wp-json\/wp\/v2\/posts\/879\/revisions"}],"predecessor-version":[{"id":881,"href":"https:\/\/beauteravissante.fr\/de\/wp-json\/wp\/v2\/posts\/879\/revisions\/881"}],"wp:featuredmedia":[{"embeddable":true,"href":"https:\/\/beauteravissante.fr\/de\/wp-json\/wp\/v2\/media\/880"}],"wp:attachment":[{"href":"https:\/\/beauteravissante.fr\/de\/wp-json\/wp\/v2\/media?parent=879"}],"wp:term":[{"taxonomy":"category","embeddable":true,"href":"https:\/\/beauteravissante.fr\/de\/wp-json\/wp\/v2\/categories?post=879"},{"taxonomy":"post_tag","embeddable":true,"href":"https:\/\/beauteravissante.fr\/de\/wp-json\/wp\/v2\/tags?post=879"}],"curies":[{"name":"wp","href":"https:\/\/api.w.org\/{rel}","templated":true}]}}